{"id":2149,"date":"2024-08-21T09:39:01","date_gmt":"2024-08-21T07:39:01","guid":{"rendered":"https:\/\/www.sostyres.international\/la-storia-del-calendario-pirelli\/"},"modified":"2024-08-30T09:32:12","modified_gmt":"2024-08-30T07:32:12","slug":"la-storia-del-calendario-pirelli","status":"publish","type":"post","link":"https:\/\/www.sostyres.international\/es\/la-storia-del-calendario-pirelli\/","title":{"rendered":"Historia del Calendario Pirelli"},"content":{"rendered":"<div class=\"wpb-content-wrapper\"><p>[vc_row][vc_column][vc_column_text css_animation=\u00bbfadeIn\u00bb css=\u00bb\u00bb]<\/p>\n<p style=\"text-align: justify;\">La edici\u00f3n limitada es una caracter\u00edstica muy peculiar del calendario Pirelli; por eso, este \u00abobjeto\u00bb no se viende, se regala a un n\u00famero limitado de personajes famosos y personalidades importantes en el mercado de lo neum\u00e1ticos. Tambi\u00e9n y sobre todo por ellos se ha convertido en un objeto de culto, lleno de encanto y arte, a partir de los desnudos art\u00edsticos que lo representan.<\/p>\n<p>[\/vc_column_text][\/vc_column][\/vc_row][vc_row][vc_column width=\u00bb1\/2&#8243;][vc_column_text css_animation=\u00bbfadeInLeft\u00bb css=\u00bb\u00bb]<strong>El nacimiento de un fen\u00f3meno cultural:<\/strong><\/p>\n<p style=\"text-align: center;\"><strong>A\u00f1o 1964<\/strong><\/p>\n<p style=\"text-align: justify;\">Pirelli ya produc\u00eda calendarios antes de 1964; por eso, hay im\u00e1genes de rosetones de hermosas iglesias en l\u00ednea. Pero en la filial inglesa de la empresa italiana Pirelli se empez\u00f3 a hablar de realizar un calendario diferente. Los comerciantes de neum\u00e1ticos tenian calendarios er\u00f3ticos en sus trastiendas, la idea era producir un calendario que no tuviera que estar escondido. Un objeto art\u00edstico y glamuroso que pod\u00eda estar a la vista y pod\u00eda ser parte de la decoraci\u00f3n.<\/p>\n<p style=\"text-align: left;\">El primer encargo fue encomendado a un joven fot\u00f3grafo amigo de los Beatles, el retratista Robert Freeman, a quien le pidieron de crear un hermoso calendario, y estaba libre de trabajar sin restricciones.<\/p>\n<p>[\/vc_column_text][\/vc_column][vc_column width=\u00bb1\/2&#8243;][vc_images_carousel images=\u00bb1532,1538,1541,1544,1547&#8243; img_size=\u00bbfull\u00bb css_animation=\u00bbfadeInLeft\u00bb css=\u00bb\u00bb el_class=\u00bbimg-fluid\u00bb][\/vc_column][\/vc_row][vc_row][vc_column width=\u00bb1\/2&#8243;][vc_row_inner][vc_column_inner][vc_video link=\u00bbhttps:\/\/www.youtube.com\/watch?v=DALxwtf62S4&amp;t=19s\u00bb css_animation=\u00bbfadeInRight\u00bb css=\u00bb\u00bb][\/vc_column_inner][\/vc_row_inner][\/vc_column][vc_column width=\u00bb1\/2&#8243;][vc_column_text css_animation=\u00bbfadeInRight\u00bb css=\u00bb\u00bb]<\/p>\n<p style=\"text-align: justify;\">Espl\u00e9ndidamente er\u00f3tica, la idea de Derek Forsyth, responsable de la publicidad y la promoci\u00f3n de la Pirelli en el Reino Unido, result\u00f3 brillante; el calendario art\u00edstico salt\u00f3 inmediatamente a los titulares. As\u00ed fue que este calendario empez\u00f3 a perder su funci\u00f3n principal, la de contar los d\u00edas del a\u00f1o, y empez\u00f3 a marcar el esp\u00edritu de la \u00e9poca. Para los fot\u00f3grafos y los modelos, poder participar en la creaci\u00f3n del Calendario Pirelli empez\u00f3 a representar el hecho de haber entrado en la \u00e9lite de la fotograf\u00eda. En definitiva, The Cal\u2122 se ha convertido en un objeto de moda, sin\u00f3nimo de buen gusto.<\/p>\n<p>[\/vc_column_text][\/vc_column][\/vc_row][vc_row][vc_column][vc_column_text css_animation=\u00bbfadeIn\u00bb css=\u00bb\u00bb]<\/p>\n<p style=\"text-align: center;\"><strong>A\u00f1o 1969<\/strong><\/p>\n<p style=\"text-align: left;\">Tema: E<strong>l esp\u00edritu de California.<\/strong><\/p>\n<p style=\"text-align: justify;\">Se considera un cl\u00e1sico, con un inmenso poder evocador: fue compuesto inmortalizando con momentos simples que liberan una sensaci\u00f3n de libertad, con la idea de representar el estilo de vida casual de la costa oeste estadounidense. La introducci\u00f3n de modelos de color y el dise\u00f1o de m\u00faltiples fotogramas convirtieron al fot\u00f3grafo ingl\u00e9s Harry Peccinotti en una de las figuras m\u00e1s influyentes de la fotograf\u00eda de arte y moda. Esta edici\u00f3n pas\u00f3 a la historia sobre todo como el primer calendario Pirelli que contiene un desnudo; porque, aparece la imagen velada de un pez\u00f3n. Se utilizaron lentes largas porque aunque quer\u00edan traer la atm\u00f3sfera de las playas californianas, el equipo Pirelli lleg\u00f3 durante el periodo de vacaciones y encontr\u00f3 \u00abcasi nada de surf y muy pocos surfistas\u00bb, por lo cual usaron lentes largas para asegurar que la gente no se dio cuenta de que estaban siendo fotografiadas.<\/p>\n<p>[\/vc_column_text][\/vc_column][\/vc_row][vc_row][vc_column][vc_images_carousel images=\u00bb1555,1558,1561,1564,1567&#8243; img_size=\u00bbfull\u00bb autoplay=\u00bbyes\u00bb partial_view=\u00bbyes\u00bb css_animation=\u00bbfadeIn\u00bb css=\u00bb\u00bb el_class=\u00bbimg-fluid\u00bb][\/vc_column][\/vc_row][vc_row][vc_column][vc_column_text css_animation=\u00bbfadeIn\u00bb css=\u00bb\u00bb]<\/p>\n<p style=\"text-align: center;\"><strong>A\u00f1o 1971<\/strong><\/p>\n<p style=\"text-align: left;\">Tema: <strong>Pirelli se vuelve jamaicano.<\/strong><\/p>\n<p style=\"text-align: justify;\">Representa una desviaci\u00f3n intrigante de todo lo que hab\u00eda sucedido antes. Esto es cierto tanto para Pirelli como para el fot\u00f3grafo Francis Giacobetti, que tambi\u00e9n hab\u00eda tomado las fotograf\u00edas del Calendario el a\u00f1o anterior. Se pensaba que este calendario, afirm\u00f3 Forsyth, era oscuro y rom\u00e1ntico, lleno de melancol\u00eda y muy relajante. \u201cQuer\u00eda asegurarles a las personas que recibieron el Calendario que pod\u00edan pegarlo a la pared; sab\u00eda muy bien que no se trataba de tomas pornogr\u00e1ficas. Soy principalmente ingeniero de iluminaci\u00f3n\u201d, declar\u00f3 una vez. \u201cLa iluminaci\u00f3n se puede conseguir utilizando elementos muy sencillos y no necesariamente utilizando equipos complicados\u201d. Y de hecho Giacobetti utiliz\u00f3 c\u00e1maras muy simples, luz natural y varios filtros.<\/p>\n<p>[\/vc_column_text][\/vc_column][\/vc_row][vc_row][vc_column][vc_images_carousel images=\u00bb2094,2097,2100,2103,2106&#8243; img_size=\u00bbfull\u00bb autoplay=\u00bbyes\u00bb partial_view=\u00bbyes\u00bb css_animation=\u00bbfadeIn\u00bb css=\u00bb\u00bb el_class=\u00bbimg-fluid\u00bb][\/vc_column][\/vc_row][vc_row][vc_column][vc_column_text css_animation=\u00bbfadeIn\u00bb css=\u00bb\u00bb]<\/p>\n<p style=\"text-align: center;\"><strong>De 1975 a 1983<\/strong> The Cal\u2122 hizo una pausa debido a la crisis econ\u00f3mica mundial provocada por el aumento del precio del petr\u00f3leo crudo. No ser\u00e1 el \u00fanico descanso, porque en 2021 debido al Covid no se publicar\u00e1, Pirelli ha preferido donar 100.000 euros a proyectos anti-Covid.<\/p>\n<p>[\/vc_column_text][\/vc_column][\/vc_row][vc_row][vc_column width=\u00bb1\/2&#8243;][vc_column_text css_animation=\u00bbfadeInLeft\u00bb css=\u00bb\u00bb]<\/p>\n<p style=\"text-align: center;\"><strong>A\u00f1o 1985<\/strong><\/p>\n<p style=\"text-align: left;\">Tema: <strong>Moda<\/strong>.<\/p>\n<p style=\"text-align: justify;\">Despu\u00e9s de un par\u00f3n de nueve a\u00f1os, el calendario regresa y lo hace por todo lo alto. Se elige a Norman Parkinson, un fot\u00f3grafo de renombre internacional en el \u00e1mbito de la moda: 70 a\u00f1os de los cuales 50 transcurridos detr\u00e1s del objetivo. Se llaman modelos y estilistas muy famosos. En un hotel de Edimburgo desfilaron prendas de dise\u00f1adores brit\u00e1nicos que se dieron a la tarea de producir prendas que tomaran la banda de rodadura del neum\u00e1tico P6 como elemento creativo. Las im\u00e1genes resultantes son al m\u00e1s puro estilo del los a\u00f1os 80, muy brillantes y divertidas. Imbuidos del optimismo y la audacia que iluminaron aquellos a\u00f1os. Parkinson era un fot\u00f3grafo caballero, un hombre anticuado, con su estilo exc\u00e9ntrico pero siempre muy educado lograba convencer a las modelos para que se atrevieran. El resultado de todos estos elementos fue un evento hist\u00f3rico, y la participaci\u00f3n de modelos y estilistas fue la fuerza impulsora de una publicidad de clase mundial. Dato interesante: todas las prendas utilizadas para el calendario ahora forman parte de la colecci\u00f3n permanente del Victoria and Albert Museum.<\/p>\n<p>[\/vc_column_text][\/vc_column][vc_column width=\u00bb1\/2&#8243;][vc_images_carousel images=\u00bb1570,1573,1594&#8243; img_size=\u00bbfull\u00bb autoplay=\u00bbyes\u00bb partial_view=\u00bbyes\u00bb css_animation=\u00bbfadeInLeft\u00bb css=\u00bb\u00bb el_class=\u00bbimg-fluid\u00bb][\/vc_column][\/vc_row][vc_row][vc_column][vc_column_text css_animation=\u00bbfadeIn\u00bb css=\u00bb\u00bb]<\/p>\n<p style=\"text-align: justify;\">El mismo a\u00f1o el fot\u00f3grafo public\u00f3 el libro \u201c\u00bfDejar\u00edas que tu hija?\u201d un libro donde se muestra el arte, la sensualidad y el gran respeto que Parkinson ten\u00eda por las mujeres. \u00c9l mismo dijo: \u201cTengo un respeto enorme por las mujeres, y hay un margen m\u00ednimo dentro del cual se pueden fotografiar chicas con poca ropa para que mantengan su elegancia, su belleza y su estilo\u201d.<\/p>\n<p>[\/vc_column_text][\/vc_column][\/vc_row][vc_row][vc_column][vc_column_text css_animation=\u00bbfadeIn\u00bb css=\u00bb\u00bb]<\/p>\n<p style=\"text-align: center;\"><strong>A\u00f1o 1994<\/strong><\/p>\n<p style=\"text-align: left;\">Tema: <strong>Mujeres en los 90<\/strong>.<\/p>\n<p style=\"text-align: justify;\">El hombre del momento era Herb Ritts, figura destacada del mundo de la moda, el entretenimiento y la publicidad, raz\u00f3n por la cual fue elegido para tomar las fotos del calendario 1994. El equipo de modelos tambi\u00e9n fue estelar: Helena Christensen, Cindy Crawford. , Karen Alexander y Kate Moss. La intenci\u00f3n es contar la historia de las mujeres de los noventa y su lugar en el mundo: mujeres orgullosas y seductoras, hermosas por dentro y por fuera. El calendario, ambientado en las Bahamas, ten\u00eda que ser algo diferente, revolucionario. La delicada inocencia de Kate Moss, de diecinueve a\u00f1os, la sensualidad de Cindy Crawford posando como pin-up, la fuerza de Helena Christensen y la refinada elegancia de Karen Alexander quedaron inmortalizadas por una de las fot\u00f3grafas m\u00e1s grandes del \u00faltimo siglo. El t\u00edtulo de la obra es \u201cUn homenaje a la mujer\u201d, de hecho Ritts aporta su propia interpretaci\u00f3n de la sensualidad, esto le dio nueva vida al calendario Pirelli.<\/p>\n<p>[\/vc_column_text][\/vc_column][\/vc_row][vc_row][vc_column][vc_images_carousel images=\u00bb1603,1606,1609,1612,1615,1618&#8243; img_size=\u00bbfull\u00bb autoplay=\u00bbyes\u00bb partial_view=\u00bbyes\u00bb css_animation=\u00bbfadeIn\u00bb css=\u00bb\u00bb el_class=\u00bbimg-fluid\u00bb][\/vc_column][\/vc_row][vc_row][vc_column width=\u00bb1\/2&#8243;][vc_column_text css_animation=\u00bbfadeInLeft\u00bb css=\u00bb\u00bb]<\/p>\n<p style=\"text-align: center;\"><strong>A\u00f1o 1995<\/strong><\/p>\n<p style=\"text-align: left;\">Tema: <strong>Las estaciones seg\u00fan Pirelli<\/strong>.<\/p>\n<p style=\"text-align: justify;\">El calendario Pirelli nunca ha sido tosco ni vulgar, sino que es una colecci\u00f3n que realza la belleza femenina con elegancia. Esta representaci\u00f3n siempre se hace al ritmo de los tiempos, por lo que siempre ha sido objeto de culto desde hace m\u00e1s de 60 a\u00f1os. En esta edici\u00f3n las top models inmortalizadas son Naomi Campbell y Christy Turlington. Este raro calendario Pirelli, producido por Richard Avedon, presenta im\u00e1genes de hermosas mujeres fotografiadas en entornos evocadores y de \u00e9lite: telones de fondo de playas ex\u00f3ticas y lugares naturales. No fue la \u00fanica edici\u00f3n de Richard Avedon que continu\u00f3 su historia de la belleza femenina tambi\u00e9n en el 1997.<\/p>\n<p>[\/vc_column_text][\/vc_column][vc_column width=\u00bb1\/2&#8243;][vc_images_carousel images=\u00bb1624,1627,1630,1633,1636&#8243; img_size=\u00bbfull\u00bb autoplay=\u00bbyes\u00bb partial_view=\u00bbyes\u00bb css_animation=\u00bbfadeInLeft\u00bb css=\u00bb\u00bb el_class=\u00bbimg-fluid\u00bb][\/vc_column][\/vc_row][vc_row][vc_column width=\u00bb1\/2&#8243;][vc_images_carousel images=\u00bb1639,1642,1645,1648,1651,1654,1657,1660,1663,1666,1669,1672&#8243; img_size=\u00bbfull\u00bb autoplay=\u00bbyes\u00bb partial_view=\u00bbyes\u00bb css_animation=\u00bbfadeInRight\u00bb css=\u00bb\u00bb el_class=\u00bbimg-fluid\u00bb][\/vc_column][vc_column width=\u00bb1\/2&#8243;][vc_column_text css_animation=\u00bbfadeInRight\u00bb css=\u00bb\u00bb]<\/p>\n<p style=\"text-align: center;\"><strong>A\u00f1o 2004<\/strong><\/p>\n<p style=\"text-align: left;\">Tema: <strong>Sue\u00f1os y deseos de la mujer<\/strong>.<\/p>\n<p style=\"text-align: justify;\">El director de arte Peter Saville y el fot\u00f3grafo Nick Knight recibieron carta blanca para crear este calendario. El enfoque se desplaz\u00f3 de los deseos masculinos a los femeninos, se pregunt\u00f3 a las mujeres qu\u00e9 im\u00e1genes quer\u00edan en el calendario, el resultado fue una obra on\u00edrica fruto de una investigaci\u00f3n art\u00edstica elaborada con modernas t\u00e9cnicas de fotograf\u00eda digital, un resultado muy particular para la casa Pirelli que ante esto La edici\u00f3n siempre se hab\u00eda centrado en el erotismo art\u00edstico de modelos maravillosos.<\/p>\n<p>[\/vc_column_text][\/vc_column][\/vc_row][vc_row][vc_column][vc_column_text css_animation=\u00bbfadeIn\u00bb css=\u00bb\u00bb]<\/p>\n<p style=\"text-align: center;\"><strong>A\u00f1o 2005<\/strong><\/p>\n<p style=\"text-align: left;\">TEMA:<strong> El esp\u00edritu en\u00e9rgico y positivo del pueblo<\/strong>.<\/p>\n<p style=\"text-align: justify;\">Fue realizada por Patrick Demarchelie y est\u00e1 ambientada en la viva y en\u00e9rgica R\u00edo de Janeiro que, seg\u00fan Naomi Campbell (protagonista del calendario por tercera vez), \u00abrefleja el esp\u00edritu en\u00e9rgico y positivo de la gente\u00bb. El esp\u00edritu de Brasil est\u00e1 perfectamente representado por Demarchelie. Sus fotograf\u00edas en blanco y negro se basan en la t\u00e9cnica cl\u00e1sica de la fotograf\u00eda, se aplican t\u00e9cnicas de estudio en lugares espectaculares y luminosos y el resultado son im\u00e1genes completamente inmersas en la naturaleza. S\u00f3lo en blanco y negro, estas 21 tomas son la b\u00fasqueda del origen del encanto invisible de las modelos. Todas las fotograf\u00edas no han sido retocadas para preservar la autenticidad de las tomas. Tambi\u00e9n se revela el detr\u00e1s de escena de ese a\u00f1o. En el festival de Cannes, por primera vez despu\u00e9s de 40 a\u00f1os, se muestra el libro detr\u00e1s del calendario Pirelli, las atm\u00f3sferas m\u00e1gicas de un mito.<\/p>\n<p>[\/vc_column_text][\/vc_column][\/vc_row][vc_row][vc_column width=\u00bb1\/2&#8243;][vc_images_carousel images=\u00bb1681,1684,1687,1690,1693,1696,1699,1702,1705,1708,1711&#8243; img_size=\u00bbfull\u00bb autoplay=\u00bbyes\u00bb partial_view=\u00bbyes\u00bb css_animation=\u00bbfadeInLeft\u00bb css=\u00bb\u00bb el_class=\u00bbimg-fluid\u00bb][\/vc_column][vc_column width=\u00bb1\/2&#8243;][vc_images_carousel images=\u00bb1714,1717,1720,1723,1726,1729,1732,1735,1738,1741,1744&#8243; img_size=\u00bbfull\u00bb autoplay=\u00bbyes\u00bb partial_view=\u00bbyes\u00bb css_animation=\u00bbfadeInRight\u00bb css=\u00bb\u00bb el_class=\u00bbimg-fluid\u00bb][\/vc_column][\/vc_row][vc_row][vc_column width=\u00bb1\/2&#8243;][vc_column_text css_animation=\u00bbfadeInLeft\u00bb css=\u00bb\u00bb]<\/p>\n<p style=\"text-align: center;\"><strong>A\u00f1o 2009<\/strong><\/p>\n<p style=\"text-align: left;\">Tema: <strong>S\u00f3lo la belleza puede salvar el mundo<\/strong>.<\/p>\n<p style=\"text-align: justify;\">Siguiendo las obras de Fi\u00f3dor Dostoievski, el tema es: s\u00f3lo la belleza puede salvar el mundo. El calendario 36 est\u00e1 enmarcado por los paisajes de Botswana, lugar donde el fot\u00f3grafo Peter Beard ha realizado lo que \u00e9l llama \u00abuna escultura viviente\u00bb. Durante 10 d\u00edas, modelos de fama mundial posaron para las 56 mesas. Peter Beard vivi\u00f3 en Kenia durante 30 a\u00f1os y, por lo cual, es considerado uno de los mayores exponentes del encanto de \u00c1frica. La mirada del fot\u00f3grafo inmortaliz\u00f3 una tierra salvaje y ancestral, los protagonistas est\u00e1n llenos de fuerza y \u200b\u200bparecen figuras casi divinas. El punto de vista de Beard es ambientalista, quer\u00eda mostrar territorios que est\u00e1n destruidos, demostrando que en un lugar donde falta biodiversidad sea imposible sobrevivir. Durante todas las fases de producci\u00f3n, se han adoptado m\u00e9todos para limitar el impacto ambiental.<\/p>\n<p>[\/vc_column_text][\/vc_column][vc_column width=\u00bb1\/2&#8243;][vc_images_carousel images=\u00bb1750,1753,1756,1759,1762,1765,1768,1771,1774,1777,1780,1783,1789&#8243; img_size=\u00bbfull\u00bb autoplay=\u00bbyes\u00bb partial_view=\u00bbyes\u00bb css_animation=\u00bbfadeInLeft\u00bb css=\u00bb\u00bb el_class=\u00bbimg-fluid\u00bb][\/vc_column][\/vc_row][vc_row][vc_column width=\u00bb1\/2&#8243;][vc_images_carousel images=\u00bb1792,1795,1798,1801,1804,1807,1810,1813,1816,1819,1822,1825,1828,1840,1843,1846,1849,1852,1855,1858&#8243; img_size=\u00bbfull\u00bb autoplay=\u00bbyes\u00bb partial_view=\u00bbyes\u00bb css_animation=\u00bbfadeInRight\u00bb css=\u00bb\u00bb el_class=\u00bbimg-fluid\u00bb][\/vc_column][vc_column width=\u00bb1\/2&#8243;][vc_column_text css_animation=\u00bbfadeInRight\u00bb css=\u00bb\u00bb]<\/p>\n<p style=\"text-align: center;\"><strong>A\u00f1o 2013<\/strong><\/p>\n<p style=\"text-align: left;\">Tema: <strong>En las calles de R\u00edo<\/strong>.<\/p>\n<p style=\"text-align: justify;\">Esta vez la elecci\u00f3n del fot\u00f3grafo fue particular. A diferencia de las ediciones anteriores, no se eligi\u00f3 a un fot\u00f3grafo que orbitaba por el mundo de la moda, sino a un fotoperiodista de guerra. Seg\u00fan Steve McCurry, \u00abla forma m\u00e1s interesante de trabajar es caminar por la calle y capturar la vida tal como aparece, por pura casualidad\u00bb. Todas las modelos que posaron estaban vestidas y cada una de ellas milita en organizaciones sociales. Isabeli Fontana, por ejemplo, trabaja con ni\u00f1os descapacidados en la asociaci\u00f3n 1love. Petra Nemcova fund\u00f3 Happy Hearts y los dem\u00e1s todav\u00eda participan en proyectos ben\u00e9ficos. La verdadera protagonista de esta edici\u00f3n 2013 es una vez m\u00e1s la ciudad de R\u00edo de Janeiro, las calles, los horizontes, los graffitis y los bares son m\u00e1s que el escenario, son el objeto de este trabajo.<\/p>\n<p>[\/vc_column_text][\/vc_column][\/vc_row][vc_row][vc_column][vc_column_text css_animation=\u00bbfadeIn\u00bb css=\u00bb\u00bb]<\/p>\n<p style=\"text-align: center;\"><strong>A\u00f1o 2016<\/strong><\/p>\n<p style=\"text-align: left;\">Tema: <strong>La mujer en sus diferentes expresiones<\/strong>.<\/p>\n<p style=\"text-align: justify;\">Las fotograf\u00edas ir m\u00e1s all\u00e1 de lo f\u00edsico en esta edici\u00f3n, por eso se eligieron 13 mujeres con trayectorias, or\u00edgenes y edades completamente diferentes. La retratista Annie Leibovitz explica los motivos de esta elecci\u00f3n en la presentaci\u00f3n del calendario celebrada en el Roadhouse de Londres, el templo hist\u00f3rico del rock. En esta edici\u00f3n la belleza de la mujer se busca y capta en su esp\u00edritu m\u00e1s que en su cuerpo. Actrices como Yao Chen, el primer embajador chino ante el Alto Comisionado de las Naciones Unidas para los Refugiados (ACNUR), la productora Kathleen Kennedy, presidenta de Lucasfilm, la coleccionista y mecenas de arte Agnes Gund, la tenista Serena Williams, Patti Smith o Yoko Ono . Todas estas mujeres han alcanzado metas en el mundo del arte, la moda, el cine, el entretenimiento, la industria, la m\u00fasica, el deporte y representan un retrato de la contemporaneidad. Las fotos se centran no tanto en el aspecto exterior, sino en el orgullo de ser mujer y de haberlo conseguido. Aunque sean simplemente fotograf\u00edas en blanco y negro tomadas en el estudio, el trabajo realizado transmite un mensaje muy fuerte.<\/p>\n<p>[\/vc_column_text][\/vc_column][\/vc_row][vc_row][vc_column][vc_images_carousel images=\u00bb1861,1873,1876,1891,1894,1897,1900,1903,1906,1909,1912,1915,1921,1927&#8243; img_size=\u00bbfull\u00bb autoplay=\u00bbyes\u00bb partial_view=\u00bbyes\u00bb css_animation=\u00bbfadeIn\u00bb css=\u00bb\u00bb el_class=\u00bbimg-fluid\u00bb][\/vc_column][\/vc_row][vc_row][vc_column][vc_column_text css_animation=\u00bbfadeInLeft\u00bb css=\u00bb\u00bb]<\/p>\n<p style=\"text-align: center;\"><strong>A\u00f1o 2018<\/strong><\/p>\n<p style=\"text-align: left;\">Tema: <strong>Alicia en el pa\u00eds de las maravillas<\/strong>.<\/p>\n<p style=\"text-align: justify;\">Como en 1987, tenemos un elenco \u201ccompletamente negro\u201d. M\u00fasicos, actores, modelos y activistas pol\u00edticos. En esta poderosa versi\u00f3n de Alicia en el Pa\u00eds de las Maravillas, podemos ver a Whoopi Goldberg como el Gato de Cheshire, Djimon Hounsou y RuPaul como el Rey y la Reina de Corazones, \u201cDiddy\u201d Combs y Naomi Campbell interpretando a los cortadores de cabeza. Tim Walker trae un mensaje de diversidad con atm\u00f3sferas on\u00edricas e imaginativas.<\/p>\n<p>[\/vc_column_text][vc_images_carousel images=\u00bb1966,1969,1975,1978,1981,1984,1987,1990,1993,1996,1999,2002,2005,2008,2011,2014,2017,2020,2023,2026,2029,2032,2035,2038,2041,2044&#8243; img_size=\u00bbfull\u00bb autoplay=\u00bbyes\u00bb partial_view=\u00bbyes\u00bb css_animation=\u00bbfadeInLeft\u00bb css=\u00bb\u00bb el_class=\u00bbimg-fluid\u00bb][\/vc_column][\/vc_row][vc_row][vc_column][vc_column_text css_animation=\u00bbfadeIn\u00bb css=\u00bb\u00bb]<\/p>\n<p style=\"text-align: center;\"><strong>A\u00f1o 2024<\/strong><\/p>\n<p style=\"text-align: left;\">Tema: <strong>No nacemos atemporales, pero nos volvemos atemporales<\/strong>.<\/p>\n<p style=\"text-align: justify;\">El joven artista visual ghan\u00e9s Prince Gyasi tuvo un enfoque \u00fanico para el proyecto Calendario Pirelli 2024. La propuesta es explorar el legado (literalmente legado, en un sentido m\u00e1s amplio entendido tambi\u00e9n como herencia), la memoria colectiva y el impacto de las celebridades. La historia de Gyasi se titula \u00abTimeless\u00bb: los personajes de esta edici\u00f3n, seg\u00fan el fot\u00f3grafo, supieron identificar, cultivar y realizar sus talentos. Desafiaron la idea del tiempo, la edad y la fama y comenzaron a recorrer su propio camino \u00fanico y original. La idea era buscar la autenticidad, mostrando a estos personajes como superh\u00e9roes modernos, que han detenido el tiempo representando a diferentes generaciones de todos los \u00e1mbitos. El cartel dice \u201cNo buscamos la fama. No buscamos el \u00e9xito. No buscamos confirmaci\u00f3n. Disc\u00edpulos de nuestras propias capacidades. Desafiamos a quienes dicen que no podemos, que somos demasiado viejos, demasiado j\u00f3venes, demasiado diferentes, demasiado o demasiado poco. Buscamos la opci\u00f3n de elegir el viaje y vivir bajo un firmamento de posibilidades que nosotros mismos hemos creado\u201d. Se ha creado una pasarela suspendida entre la fotograf\u00eda y la pintura: el estudio de las im\u00e1genes se hace al mil\u00edmetro, la escenograf\u00eda est\u00e1 muy cuidada y nada se deja al azar, como la posici\u00f3n de los personajes que parecen obedecer las reglas m\u00e1s estrictas. de perspectiva, como pinturas de ensue\u00f1o. \u201cQuiero contar una historia que destaque el poder de c\u00f3mo se pueden experimentar nuestros \u00e9xitos ante los ojos de las personas a las que inspiramos. En \u00faltima instancia, este proyecto no se trata de mi camino o el tuyo; Me refiero a ellos, a mi comunidad, a los j\u00f3venes. Este proyecto es una oportunidad para que otros ni\u00f1os como yo vean estas im\u00e1genes y se inspiren para convertirse en la mejor versi\u00f3n de s\u00ed mismos\u201d.<\/p>\n<p>[\/vc_column_text][\/vc_column][\/vc_row][vc_row][vc_column][vc_images_carousel images=\u00bb2053,2056,2059,2062,2065,2068,2071,2074,2077,2080,2083,2086,2089&#8243; img_size=\u00bbfull\u00bb autoplay=\u00bbyes\u00bb partial_view=\u00bbyes\u00bb css_animation=\u00bbfadeIn\u00bb css=\u00bb\u00bb el_class=\u00bbimg-fluid\u00bb][\/vc_column][\/vc_row][vc_row][vc_column][vc_column_text css_animation=\u00bbfadeIn\u00bb css=\u00bb\u00bb]Peque\u00f1o spoiler de 2025: volveran el concepto de desnudez, entendido como una forma de captar la esencia real de alguien. Green se ha hecho conocido por un conjunto de obras extraordinariamente \u00edntimas, capaces de capturar y resaltar la aut\u00e9ntica belleza de sus sujetos.<\/p>\n<p>Todas las fotos son propiedad de Pirelli.<\/p>\n<p>Referencias:<\/p>\n<ul>\n<li>www.pirelli.com<\/li>\n<li>it.wikipedia.org<\/li>\n<li>press.pirelli.com\/it<\/li>\n<li>https:\/\/pirellicalendar.pirelli.com\/it\/il-progetto<\/li>\n<\/ul>\n<p>[\/vc_column_text][\/vc_column][\/vc_row]<\/p>\n<\/div>","protected":false},"excerpt":{"rendered":"<p>La Historia di \u00abThe Cal\u00bb, el Calendario Pirelli<\/p>\n","protected":false},"author":1,"featured_media":1514,"comment_status":"open","ping_status":"open","sticky":false,"template":"","format":"standard","meta":{"_acf_changed":false,"_joinchat":[],"footnotes":""},"categories":[27],"tags":[],"class_list":["post-2149","post","type-post","status-publish","format-standard","has-post-thumbnail","hentry","category-eventos"],"acf":[],"yoast_head":"<!-- This site is optimized with the Yoast SEO plugin v27.4 - https:\/\/yoast.com\/product\/yoast-seo-wordpress\/ -->\n<title>Historia del Calendario Pirelli - Sos Tyres International<\/title>\n<meta name=\"robots\" content=\"index, follow, max-snippet:-1, max-image-preview:large, max-video-preview:-1\" \/>\n<link rel=\"canonical\" href=\"https:\/\/www.sostyres.international\/es\/la-storia-del-calendario-pirelli\/\" \/>\n<meta property=\"og:locale\" content=\"es_ES\" \/>\n<meta property=\"og:type\" content=\"article\" \/>\n<meta property=\"og:title\" content=\"Historia del Calendario Pirelli - Sos Tyres International\" \/>\n<meta property=\"og:description\" content=\"La Historia di &quot;The Cal&quot;, el Calendario Pirelli\" \/>\n<meta property=\"og:url\" content=\"https:\/\/www.sostyres.international\/es\/la-storia-del-calendario-pirelli\/\" \/>\n<meta property=\"og:site_name\" content=\"Sos Tyres International\" \/>\n<meta property=\"article:publisher\" content=\"https:\/\/www.facebook.com\/SOSTYRESINTERNATIONAL\" \/>\n<meta property=\"article:published_time\" content=\"2024-08-21T07:39:01+00:00\" \/>\n<meta property=\"article:modified_time\" content=\"2024-08-30T07:32:12+00:00\" \/>\n<meta property=\"og:image\" content=\"https:\/\/www.sostyres.international\/wp-content\/uploads\/2024\/08\/Risorsa-43@2x.png\" \/>\n\t<meta property=\"og:image:width\" content=\"1532\" \/>\n\t<meta property=\"og:image:height\" content=\"1532\" \/>\n\t<meta property=\"og:image:type\" content=\"image\/png\" \/>\n<meta name=\"author\" content=\"sostyres\" \/>\n<meta name=\"twitter:card\" content=\"summary_large_image\" \/>\n<meta name=\"twitter:label1\" content=\"Escrito por\" \/>\n\t<meta name=\"twitter:data1\" content=\"sostyres\" \/>\n\t<meta name=\"twitter:label2\" content=\"Tiempo de lectura\" \/>\n\t<meta name=\"twitter:data2\" content=\"15 minutos\" \/>\n<script type=\"application\/ld+json\" class=\"yoast-schema-graph\">{\"@context\":\"https:\\\/\\\/schema.org\",\"@graph\":[{\"@type\":\"Article\",\"@id\":\"https:\\\/\\\/www.sostyres.international\\\/es\\\/la-storia-del-calendario-pirelli\\\/#article\",\"isPartOf\":{\"@id\":\"https:\\\/\\\/www.sostyres.international\\\/es\\\/la-storia-del-calendario-pirelli\\\/\"},\"author\":{\"name\":\"sostyres\",\"@id\":\"https:\\\/\\\/www.sostyres.international\\\/es\\\/#\\\/schema\\\/person\\\/f80849ea81f7410c4573ecdc6f285428\"},\"headline\":\"Historia del Calendario Pirelli\",\"datePublished\":\"2024-08-21T07:39:01+00:00\",\"dateModified\":\"2024-08-30T07:32:12+00:00\",\"mainEntityOfPage\":{\"@id\":\"https:\\\/\\\/www.sostyres.international\\\/es\\\/la-storia-del-calendario-pirelli\\\/\"},\"wordCount\":3223,\"commentCount\":0,\"publisher\":{\"@id\":\"https:\\\/\\\/www.sostyres.international\\\/es\\\/#organization\"},\"image\":{\"@id\":\"https:\\\/\\\/www.sostyres.international\\\/es\\\/la-storia-del-calendario-pirelli\\\/#primaryimage\"},\"thumbnailUrl\":\"https:\\\/\\\/www.sostyres.international\\\/wp-content\\\/uploads\\\/2024\\\/08\\\/Risorsa-43@2x.png\",\"articleSection\":[\"Eventos\"],\"inLanguage\":\"es\"},{\"@type\":\"WebPage\",\"@id\":\"https:\\\/\\\/www.sostyres.international\\\/es\\\/la-storia-del-calendario-pirelli\\\/\",\"url\":\"https:\\\/\\\/www.sostyres.international\\\/es\\\/la-storia-del-calendario-pirelli\\\/\",\"name\":\"Historia del Calendario Pirelli - Sos Tyres International\",\"isPartOf\":{\"@id\":\"https:\\\/\\\/www.sostyres.international\\\/es\\\/#website\"},\"primaryImageOfPage\":{\"@id\":\"https:\\\/\\\/www.sostyres.international\\\/es\\\/la-storia-del-calendario-pirelli\\\/#primaryimage\"},\"image\":{\"@id\":\"https:\\\/\\\/www.sostyres.international\\\/es\\\/la-storia-del-calendario-pirelli\\\/#primaryimage\"},\"thumbnailUrl\":\"https:\\\/\\\/www.sostyres.international\\\/wp-content\\\/uploads\\\/2024\\\/08\\\/Risorsa-43@2x.png\",\"datePublished\":\"2024-08-21T07:39:01+00:00\",\"dateModified\":\"2024-08-30T07:32:12+00:00\",\"breadcrumb\":{\"@id\":\"https:\\\/\\\/www.sostyres.international\\\/es\\\/la-storia-del-calendario-pirelli\\\/#breadcrumb\"},\"inLanguage\":\"es\",\"potentialAction\":[{\"@type\":\"ReadAction\",\"target\":[\"https:\\\/\\\/www.sostyres.international\\\/es\\\/la-storia-del-calendario-pirelli\\\/\"]}]},{\"@type\":\"ImageObject\",\"inLanguage\":\"es\",\"@id\":\"https:\\\/\\\/www.sostyres.international\\\/es\\\/la-storia-del-calendario-pirelli\\\/#primaryimage\",\"url\":\"https:\\\/\\\/www.sostyres.international\\\/wp-content\\\/uploads\\\/2024\\\/08\\\/Risorsa-43@2x.png\",\"contentUrl\":\"https:\\\/\\\/www.sostyres.international\\\/wp-content\\\/uploads\\\/2024\\\/08\\\/Risorsa-43@2x.png\",\"width\":1532,\"height\":1532},{\"@type\":\"BreadcrumbList\",\"@id\":\"https:\\\/\\\/www.sostyres.international\\\/es\\\/la-storia-del-calendario-pirelli\\\/#breadcrumb\",\"itemListElement\":[{\"@type\":\"ListItem\",\"position\":1,\"name\":\"Home\",\"item\":\"https:\\\/\\\/www.sostyres.international\\\/es\\\/\"},{\"@type\":\"ListItem\",\"position\":2,\"name\":\"Historia del Calendario Pirelli\"}]},{\"@type\":\"WebSite\",\"@id\":\"https:\\\/\\\/www.sostyres.international\\\/es\\\/#website\",\"url\":\"https:\\\/\\\/www.sostyres.international\\\/es\\\/\",\"name\":\"Sos Tyres International\",\"description\":\"\",\"publisher\":{\"@id\":\"https:\\\/\\\/www.sostyres.international\\\/es\\\/#organization\"},\"potentialAction\":[{\"@type\":\"SearchAction\",\"target\":{\"@type\":\"EntryPoint\",\"urlTemplate\":\"https:\\\/\\\/www.sostyres.international\\\/es\\\/?s={search_term_string}\"},\"query-input\":{\"@type\":\"PropertyValueSpecification\",\"valueRequired\":true,\"valueName\":\"search_term_string\"}}],\"inLanguage\":\"es\"},{\"@type\":\"Organization\",\"@id\":\"https:\\\/\\\/www.sostyres.international\\\/es\\\/#organization\",\"name\":\"Sos Tyres International\",\"url\":\"https:\\\/\\\/www.sostyres.international\\\/es\\\/\",\"logo\":{\"@type\":\"ImageObject\",\"inLanguage\":\"es\",\"@id\":\"https:\\\/\\\/www.sostyres.international\\\/es\\\/#\\\/schema\\\/logo\\\/image\\\/\",\"url\":\"https:\\\/\\\/www.sostyres.international\\\/wp-content\\\/uploads\\\/2024\\\/05\\\/logoSos.jpg\",\"contentUrl\":\"https:\\\/\\\/www.sostyres.international\\\/wp-content\\\/uploads\\\/2024\\\/05\\\/logoSos.jpg\",\"width\":700,\"height\":134,\"caption\":\"Sos Tyres International\"},\"image\":{\"@id\":\"https:\\\/\\\/www.sostyres.international\\\/es\\\/#\\\/schema\\\/logo\\\/image\\\/\"},\"sameAs\":[\"https:\\\/\\\/www.facebook.com\\\/SOSTYRESINTERNATIONAL\",\"https:\\\/\\\/www.instagram.com\\\/sos_tyres_international\\\/\"]},{\"@type\":\"Person\",\"@id\":\"https:\\\/\\\/www.sostyres.international\\\/es\\\/#\\\/schema\\\/person\\\/f80849ea81f7410c4573ecdc6f285428\",\"name\":\"sostyres\",\"image\":{\"@type\":\"ImageObject\",\"inLanguage\":\"es\",\"@id\":\"https:\\\/\\\/secure.gravatar.com\\\/avatar\\\/2817b6f447cf3bdc77a752c79805877cfcfbe1b3cbcee9495fb271eaf4bf8973?s=96&d=mm&r=g\",\"url\":\"https:\\\/\\\/secure.gravatar.com\\\/avatar\\\/2817b6f447cf3bdc77a752c79805877cfcfbe1b3cbcee9495fb271eaf4bf8973?s=96&d=mm&r=g\",\"contentUrl\":\"https:\\\/\\\/secure.gravatar.com\\\/avatar\\\/2817b6f447cf3bdc77a752c79805877cfcfbe1b3cbcee9495fb271eaf4bf8973?s=96&d=mm&r=g\",\"caption\":\"sostyres\"},\"sameAs\":[\"https:\\\/\\\/www.sostyres.international\"],\"url\":\"https:\\\/\\\/www.sostyres.international\\\/es\\\/author\\\/sostyres\\\/\"}]}<\/script>\n<!-- \/ Yoast SEO plugin. -->","yoast_head_json":{"title":"Historia del Calendario Pirelli - Sos Tyres International","robots":{"index":"index","follow":"follow","max-snippet":"max-snippet:-1","max-image-preview":"max-image-preview:large","max-video-preview":"max-video-preview:-1"},"canonical":"https:\/\/www.sostyres.international\/es\/la-storia-del-calendario-pirelli\/","og_locale":"es_ES","og_type":"article","og_title":"Historia del Calendario Pirelli - Sos Tyres International","og_description":"La Historia di \"The Cal\", el Calendario Pirelli","og_url":"https:\/\/www.sostyres.international\/es\/la-storia-del-calendario-pirelli\/","og_site_name":"Sos Tyres International","article_publisher":"https:\/\/www.facebook.com\/SOSTYRESINTERNATIONAL","article_published_time":"2024-08-21T07:39:01+00:00","article_modified_time":"2024-08-30T07:32:12+00:00","og_image":[{"width":1532,"height":1532,"url":"https:\/\/www.sostyres.international\/wp-content\/uploads\/2024\/08\/Risorsa-43@2x.png","type":"image\/png"}],"author":"sostyres","twitter_card":"summary_large_image","twitter_misc":{"Escrito por":"sostyres","Tiempo de lectura":"15 minutos"},"schema":{"@context":"https:\/\/schema.org","@graph":[{"@type":"Article","@id":"https:\/\/www.sostyres.international\/es\/la-storia-del-calendario-pirelli\/#article","isPartOf":{"@id":"https:\/\/www.sostyres.international\/es\/la-storia-del-calendario-pirelli\/"},"author":{"name":"sostyres","@id":"https:\/\/www.sostyres.international\/es\/#\/schema\/person\/f80849ea81f7410c4573ecdc6f285428"},"headline":"Historia del Calendario Pirelli","datePublished":"2024-08-21T07:39:01+00:00","dateModified":"2024-08-30T07:32:12+00:00","mainEntityOfPage":{"@id":"https:\/\/www.sostyres.international\/es\/la-storia-del-calendario-pirelli\/"},"wordCount":3223,"commentCount":0,"publisher":{"@id":"https:\/\/www.sostyres.international\/es\/#organization"},"image":{"@id":"https:\/\/www.sostyres.international\/es\/la-storia-del-calendario-pirelli\/#primaryimage"},"thumbnailUrl":"https:\/\/www.sostyres.international\/wp-content\/uploads\/2024\/08\/Risorsa-43@2x.png","articleSection":["Eventos"],"inLanguage":"es"},{"@type":"WebPage","@id":"https:\/\/www.sostyres.international\/es\/la-storia-del-calendario-pirelli\/","url":"https:\/\/www.sostyres.international\/es\/la-storia-del-calendario-pirelli\/","name":"Historia del Calendario Pirelli - Sos Tyres International","isPartOf":{"@id":"https:\/\/www.sostyres.international\/es\/#website"},"primaryImageOfPage":{"@id":"https:\/\/www.sostyres.international\/es\/la-storia-del-calendario-pirelli\/#primaryimage"},"image":{"@id":"https:\/\/www.sostyres.international\/es\/la-storia-del-calendario-pirelli\/#primaryimage"},"thumbnailUrl":"https:\/\/www.sostyres.international\/wp-content\/uploads\/2024\/08\/Risorsa-43@2x.png","datePublished":"2024-08-21T07:39:01+00:00","dateModified":"2024-08-30T07:32:12+00:00","breadcrumb":{"@id":"https:\/\/www.sostyres.international\/es\/la-storia-del-calendario-pirelli\/#breadcrumb"},"inLanguage":"es","potentialAction":[{"@type":"ReadAction","target":["https:\/\/www.sostyres.international\/es\/la-storia-del-calendario-pirelli\/"]}]},{"@type":"ImageObject","inLanguage":"es","@id":"https:\/\/www.sostyres.international\/es\/la-storia-del-calendario-pirelli\/#primaryimage","url":"https:\/\/www.sostyres.international\/wp-content\/uploads\/2024\/08\/Risorsa-43@2x.png","contentUrl":"https:\/\/www.sostyres.international\/wp-content\/uploads\/2024\/08\/Risorsa-43@2x.png","width":1532,"height":1532},{"@type":"BreadcrumbList","@id":"https:\/\/www.sostyres.international\/es\/la-storia-del-calendario-pirelli\/#breadcrumb","itemListElement":[{"@type":"ListItem","position":1,"name":"Home","item":"https:\/\/www.sostyres.international\/es\/"},{"@type":"ListItem","position":2,"name":"Historia del Calendario Pirelli"}]},{"@type":"WebSite","@id":"https:\/\/www.sostyres.international\/es\/#website","url":"https:\/\/www.sostyres.international\/es\/","name":"Sos Tyres International","description":"","publisher":{"@id":"https:\/\/www.sostyres.international\/es\/#organization"},"potentialAction":[{"@type":"SearchAction","target":{"@type":"EntryPoint","urlTemplate":"https:\/\/www.sostyres.international\/es\/?s={search_term_string}"},"query-input":{"@type":"PropertyValueSpecification","valueRequired":true,"valueName":"search_term_string"}}],"inLanguage":"es"},{"@type":"Organization","@id":"https:\/\/www.sostyres.international\/es\/#organization","name":"Sos Tyres International","url":"https:\/\/www.sostyres.international\/es\/","logo":{"@type":"ImageObject","inLanguage":"es","@id":"https:\/\/www.sostyres.international\/es\/#\/schema\/logo\/image\/","url":"https:\/\/www.sostyres.international\/wp-content\/uploads\/2024\/05\/logoSos.jpg","contentUrl":"https:\/\/www.sostyres.international\/wp-content\/uploads\/2024\/05\/logoSos.jpg","width":700,"height":134,"caption":"Sos Tyres International"},"image":{"@id":"https:\/\/www.sostyres.international\/es\/#\/schema\/logo\/image\/"},"sameAs":["https:\/\/www.facebook.com\/SOSTYRESINTERNATIONAL","https:\/\/www.instagram.com\/sos_tyres_international\/"]},{"@type":"Person","@id":"https:\/\/www.sostyres.international\/es\/#\/schema\/person\/f80849ea81f7410c4573ecdc6f285428","name":"sostyres","image":{"@type":"ImageObject","inLanguage":"es","@id":"https:\/\/secure.gravatar.com\/avatar\/2817b6f447cf3bdc77a752c79805877cfcfbe1b3cbcee9495fb271eaf4bf8973?s=96&d=mm&r=g","url":"https:\/\/secure.gravatar.com\/avatar\/2817b6f447cf3bdc77a752c79805877cfcfbe1b3cbcee9495fb271eaf4bf8973?s=96&d=mm&r=g","contentUrl":"https:\/\/secure.gravatar.com\/avatar\/2817b6f447cf3bdc77a752c79805877cfcfbe1b3cbcee9495fb271eaf4bf8973?s=96&d=mm&r=g","caption":"sostyres"},"sameAs":["https:\/\/www.sostyres.international"],"url":"https:\/\/www.sostyres.international\/es\/author\/sostyres\/"}]}},"_links":{"self":[{"href":"https:\/\/www.sostyres.international\/es\/wp-json\/wp\/v2\/posts\/2149","targetHints":{"allow":["GET"]}}],"collection":[{"href":"https:\/\/www.sostyres.international\/es\/wp-json\/wp\/v2\/posts"}],"about":[{"href":"https:\/\/www.sostyres.international\/es\/wp-json\/wp\/v2\/types\/post"}],"author":[{"embeddable":true,"href":"https:\/\/www.sostyres.international\/es\/wp-json\/wp\/v2\/users\/1"}],"replies":[{"embeddable":true,"href":"https:\/\/www.sostyres.international\/es\/wp-json\/wp\/v2\/comments?post=2149"}],"version-history":[{"count":13,"href":"https:\/\/www.sostyres.international\/es\/wp-json\/wp\/v2\/posts\/2149\/revisions"}],"predecessor-version":[{"id":2162,"href":"https:\/\/www.sostyres.international\/es\/wp-json\/wp\/v2\/posts\/2149\/revisions\/2162"}],"wp:featuredmedia":[{"embeddable":true,"href":"https:\/\/www.sostyres.international\/es\/wp-json\/wp\/v2\/media\/1514"}],"wp:attachment":[{"href":"https:\/\/www.sostyres.international\/es\/wp-json\/wp\/v2\/media?parent=2149"}],"wp:term":[{"taxonomy":"category","embeddable":true,"href":"https:\/\/www.sostyres.international\/es\/wp-json\/wp\/v2\/categories?post=2149"},{"taxonomy":"post_tag","embeddable":true,"href":"https:\/\/www.sostyres.international\/es\/wp-json\/wp\/v2\/tags?post=2149"}],"curies":[{"name":"wp","href":"https:\/\/api.w.org\/{rel}","templated":true}]}}